{"id":3033,"date":"2021-02-12T16:59:53","date_gmt":"2021-02-12T15:59:53","guid":{"rendered":"https:\/\/www.trazaconsultoria.com\/v-of-gender-based-violence\/"},"modified":"2024-02-12T17:24:57","modified_gmt":"2024-02-12T16:24:57","slug":"v-of-gender-based-violence","status":"publish","type":"post","link":"https:\/\/www.trazaconsultoria.com\/en\/v-of-gender-based-violence\/","title":{"rendered":"V of Gender-based Violence"},"content":{"rendered":"\t\t<div data-elementor-type=\"wp-post\" data-elementor-id=\"3033\" class=\"elementor elementor-3033 elementor-3005\" data-elementor-post-type=\"post\">\n\t\t\t\t<div class=\"elementor-element elementor-element-217cfd57 e-flex e-con-boxed e-con e-parent\" data-id=\"217cfd57\" data-element_type=\"container\" data-e-type=\"container\">\n\t\t\t\t\t<div class=\"e-con-inner\">\n\t\t<div class=\"elementor-element elementor-element-599253a e-con-full e-flex e-con e-child\" data-id=\"599253a\" data-element_type=\"container\" data-e-type=\"container\">\n\t\t\t\t<\/div>\n\t\t\t\t\t<\/div>\n\t\t\t\t<\/div>\n\t\t<div class=\"elementor-element elementor-element-2b4bad1 e-flex e-con-boxed e-con e-parent\" data-id=\"2b4bad1\" data-element_type=\"container\" data-e-type=\"container\" data-settings=\"{&quot;background_background&quot;:&quot;classic&quot;}\">\n\t\t\t\t\t<div class=\"e-con-inner\">\n\t\t\t\t<div class=\"elementor-element elementor-element-752a8d42 elementor-widget__width-auto elementor-widget elementor-widget-heading\" data-id=\"752a8d42\" data-element_type=\"widget\" data-e-type=\"widget\" data-widget_type=\"heading.default\">\n\t\t\t\t<div class=\"elementor-widget-container\">\n\t\t\t\t\t<h2 class=\"elementor-heading-title elementor-size-default\">Study for holistic improvement<\/h2>\t\t\t\t<\/div>\n\t\t\t\t<\/div>\n\t\t\t\t<div class=\"elementor-element elementor-element-26edc15e elementor-widget__width-auto elementor-widget elementor-widget-heading\" data-id=\"26edc15e\" data-element_type=\"widget\" data-e-type=\"widget\" data-widget_type=\"heading.default\">\n\t\t\t\t<div class=\"elementor-widget-container\">\n\t\t\t\t\t<h2 class=\"elementor-heading-title elementor-size-default\">of the Network of Care for Victims<\/h2>\t\t\t\t<\/div>\n\t\t\t\t<\/div>\n\t\t\t\t<div class=\"elementor-element elementor-element-3ff07100 elementor-widget__width-auto elementor-widget elementor-widget-heading\" data-id=\"3ff07100\" data-element_type=\"widget\" data-e-type=\"widget\" data-widget_type=\"heading.default\">\n\t\t\t\t<div class=\"elementor-widget-container\">\n\t\t\t\t\t<h2 class=\"elementor-heading-title elementor-size-default\">of Gender-based Violence in Madrid<\/h2>\t\t\t\t<\/div>\n\t\t\t\t<\/div>\n\t\t\t\t\t<\/div>\n\t\t\t\t<\/div>\n\t\t<div class=\"elementor-element elementor-element-5b1149d7 e-flex e-con-boxed e-con e-parent\" data-id=\"5b1149d7\" data-element_type=\"container\" data-e-type=\"container\">\n\t\t\t\t\t<div class=\"e-con-inner\">\n\t\t<div class=\"elementor-element elementor-element-5c49efe1 e-con-full e-flex e-con e-child\" data-id=\"5c49efe1\" data-element_type=\"container\" data-e-type=\"container\">\n\t\t\t\t<div class=\"elementor-element elementor-element-463a77a6 elementor-widget elementor-widget-text-editor\" data-id=\"463a77a6\" data-element_type=\"widget\" data-e-type=\"widget\" data-widget_type=\"text-editor.default\">\n\t\t\t\t<div class=\"elementor-widget-container\">\n\t\t\t\t\t\t\t\t\t<div class=\"elementor-element elementor-element-31352179 elementor-widget elementor-widget-text-editor\" data-id=\"31352179\" data-element_type=\"widget\" data-widget_type=\"text-editor.default\">\n<div class=\"elementor-widget-container\">\n<p><strong>The Network of Comprehensive Care for Victims of Gender-based Violence<\/strong> of the Region of Madrid is made up of a total of 25 residential centres with<strong> more than 313 places distributed <\/strong> distributed in centres of different functions and typologies. This resource constitutes a fundamental service for the comprehensive care of women victims of gender violence, offering different possibilities of accommodation, support, specialised counselling, psychosocial monitoring and help in the different processes of overcoming a situation of violence that women and children have suffered.<\/p>\n<p>The work arises in the context of the entry of the <strong> Next Generation European funds<\/strong>, whose objectives are aligned with gender equality, the improvement of universal accessibility, energy efficiency, or the implementation of technological tools to combat the digital divide. whose objectives are aligned with gender equality, the improvement of universal accessibility, energy efficiency, or the implementation of technological tools to combat the digital divide. <strong>a diagnosis has been carried out<\/strong> which has allowed the development of a series of criteria and lines of intervention to <strong>to improve the conditions of the centres and adapt the spaces<\/strong> to the people who live there, women victims of gender-based violence and their children, as well as the professionals who work there.<\/p>\n<p>The proposed lines of intervention include <strong>criteria of a technical nature,<\/strong>related to accessibility or energy efficiency of the spaces and applicable almost universally, and complementarily, <strong>criteria of a qualitative and experiential nature<\/strong> developed from participatory fieldwork and designed specifically for the Centres of the Network of Comprehensive Care for Victims of Gender Violence of the Community of Madrid, considering their dimension as spaces for psychosocial rehabilitation.<\/p>\n<p>The identification of the specific needs of this type of resources will also <strong>allow the implementation of new centres following recommendations<\/strong> of functional programmes and design criteria that can favour welcoming environments where the psychosocial process carried out is effective. In addition, it offers guidelines for the rehabilitation and refurbishment of buildings that currently present different degrees of deterioration and lack of adaptation to current accessibility and energy efficiency regulations.<\/p>\n<p><em>The report and the results of this work are confidential, ensuring the anonymity and safety of the women and their children. <\/em><\/p>\n<\/div>\n<\/div>\n\t\t\t\t\t\t\t\t<\/div>\n\t\t\t\t<\/div>\n\t\t\t\t<div class=\"elementor-element elementor-element-1784c16 elementor-widget elementor-widget-gallery\" data-id=\"1784c16\" data-element_type=\"widget\" data-e-type=\"widget\" data-settings=\"{&quot;gap&quot;:{&quot;unit&quot;:&quot;px&quot;,&quot;size&quot;:20,&quot;sizes&quot;:[]},&quot;aspect_ratio&quot;:&quot;1:1&quot;,&quot;overlay_title&quot;:&quot;caption&quot;,&quot;lazyload&quot;:&quot;yes&quot;,&quot;gallery_layout&quot;:&quot;grid&quot;,&quot;columns&quot;:4,&quot;columns_tablet&quot;:2,&quot;columns_mobile&quot;:1,&quot;gap_tablet&quot;:{&quot;unit&quot;:&quot;px&quot;,&quot;size&quot;:10,&quot;sizes&quot;:[]},&quot;gap_mobile&quot;:{&quot;unit&quot;:&quot;px&quot;,&quot;size&quot;:10,&quot;sizes&quot;:[]},&quot;link_to&quot;:&quot;file&quot;,&quot;overlay_background&quot;:&quot;yes&quot;,&quot;content_hover_animation&quot;:&quot;fade-in&quot;}\" data-widget_type=\"gallery.default\">\n\t\t\t\t<div class=\"elementor-widget-container\">\n\t\t\t\t\t\t\t<div class=\"elementor-gallery__container\">\n\t\t\t\t\t\t\t<a class=\"e-gallery-item elementor-gallery-item elementor-animated-content\" href=\"https:\/\/www.trazaconsultoria.com\/wp-content\/uploads\/2024\/02\/01-1-scaled.jpg\" data-elementor-open-lightbox=\"yes\" data-elementor-lightbox-slideshow=\"1784c16\" data-elementor-lightbox-title=\"01\" data-elementor-lightbox-description=\"Identidad gr\u00e1fica del proyecto\" data-e-action-hash=\"#elementor-action%3Aaction%3Dlightbox%26settings%3DeyJpZCI6MzAxMSwidXJsIjoiaHR0cHM6XC9cL3d3dy50cmF6YWNvbnN1bHRvcmlhLmNvbVwvd3AtY29udGVudFwvdXBsb2Fkc1wvMjAyNFwvMDJcLzAxLTEtc2NhbGVkLmpwZyIsInNsaWRlc2hvdyI6IjE3ODRjMTYifQ%3D%3D\">\n\t\t\t\t\t<div class=\"e-gallery-image elementor-gallery-item__image\" data-thumbnail=\"https:\/\/www.trazaconsultoria.com\/wp-content\/uploads\/2024\/02\/01-1-595x1024.jpg\" data-width=\"595\" data-height=\"1024\" aria-label=\"\" role=\"img\" ><\/div>\n\t\t\t\t\t\t\t\t\t\t\t<div class=\"elementor-gallery-item__overlay\"><\/div>\n\t\t\t\t\t\t\t\t\t\t\t\t\t\t\t<div class=\"elementor-gallery-item__content\">\n\t\t\t\t\t\t\t\t\t\t\t\t\t\t<div class=\"elementor-gallery-item__title\">\n\t\t\t\t\t\t\t\t\t\t\t\t\t\t\t\t\t\tIdentidad gr\u00e1fica del proyecto\t\t\t\t\t\t\t\t<\/div>\n\t\t\t\t\t\t\t\t\t\t\t\t<\/div>\n\t\t\t\t\t\t\t\t\t<\/a>\n\t\t\t\t\t\t\t<a class=\"e-gallery-item elementor-gallery-item elementor-animated-content\" href=\"https:\/\/www.trazaconsultoria.com\/wp-content\/uploads\/2024\/02\/02.jpg\" data-elementor-open-lightbox=\"yes\" data-elementor-lightbox-slideshow=\"1784c16\" data-elementor-lightbox-title=\"02\" data-elementor-lightbox-description=\"Criterios para la mejora de los espacios\" data-e-action-hash=\"#elementor-action%3Aaction%3Dlightbox%26settings%3DeyJpZCI6MzAxMywidXJsIjoiaHR0cHM6XC9cL3d3dy50cmF6YWNvbnN1bHRvcmlhLmNvbVwvd3AtY29udGVudFwvdXBsb2Fkc1wvMjAyNFwvMDJcLzAyLmpwZyIsInNsaWRlc2hvdyI6IjE3ODRjMTYifQ%3D%3D\">\n\t\t\t\t\t<div class=\"e-gallery-image elementor-gallery-item__image\" data-thumbnail=\"https:\/\/www.trazaconsultoria.com\/wp-content\/uploads\/2024\/02\/02-1024x464.jpg\" data-width=\"800\" data-height=\"363\" aria-label=\"\" role=\"img\" ><\/div>\n\t\t\t\t\t\t\t\t\t\t\t<div class=\"elementor-gallery-item__overlay\"><\/div>\n\t\t\t\t\t\t\t\t\t\t\t\t\t\t\t<div class=\"elementor-gallery-item__content\">\n\t\t\t\t\t\t\t\t\t\t\t\t\t\t<div class=\"elementor-gallery-item__title\">\n\t\t\t\t\t\t\t\t\t\t\t\t\t\t\t\t\t\tCriterios para la mejora de los espacios\t\t\t\t\t\t\t\t<\/div>\n\t\t\t\t\t\t\t\t\t\t\t\t<\/div>\n\t\t\t\t\t\t\t\t\t<\/a>\n\t\t\t\t\t\t\t<a class=\"e-gallery-item elementor-gallery-item elementor-animated-content\" href=\"https:\/\/www.trazaconsultoria.com\/wp-content\/uploads\/2024\/02\/03.jpg\" data-elementor-open-lightbox=\"yes\" data-elementor-lightbox-slideshow=\"1784c16\" data-elementor-lightbox-title=\"03\" data-elementor-lightbox-description=\"Espacios sobre los que se aplican los criterios\" data-e-action-hash=\"#elementor-action%3Aaction%3Dlightbox%26settings%3DeyJpZCI6MzAxNSwidXJsIjoiaHR0cHM6XC9cL3d3dy50cmF6YWNvbnN1bHRvcmlhLmNvbVwvd3AtY29udGVudFwvdXBsb2Fkc1wvMjAyNFwvMDJcLzAzLmpwZyIsInNsaWRlc2hvdyI6IjE3ODRjMTYifQ%3D%3D\">\n\t\t\t\t\t<div class=\"e-gallery-image elementor-gallery-item__image\" data-thumbnail=\"https:\/\/www.trazaconsultoria.com\/wp-content\/uploads\/2024\/02\/03-1024x337.jpg\" data-width=\"800\" data-height=\"263\" aria-label=\"\" role=\"img\" ><\/div>\n\t\t\t\t\t\t\t\t\t\t\t<div class=\"elementor-gallery-item__overlay\"><\/div>\n\t\t\t\t\t\t\t\t\t\t\t\t\t\t\t<div class=\"elementor-gallery-item__content\">\n\t\t\t\t\t\t\t\t\t\t\t\t\t\t<div class=\"elementor-gallery-item__title\">\n\t\t\t\t\t\t\t\t\t\t\t\t\t\t\t\t\t\tEspacios sobre los que se aplican los criterios\t\t\t\t\t\t\t\t<\/div>\n\t\t\t\t\t\t\t\t\t\t\t\t<\/div>\n\t\t\t\t\t\t\t\t\t<\/a>\n\t\t\t\t\t\t\t<a class=\"e-gallery-item elementor-gallery-item elementor-animated-content\" href=\"https:\/\/www.trazaconsultoria.com\/wp-content\/uploads\/2024\/02\/04-scaled.jpg\" data-elementor-open-lightbox=\"yes\" data-elementor-lightbox-slideshow=\"1784c16\" data-elementor-lightbox-title=\"04\" data-elementor-lightbox-description=\"Matriz para la identificaci\u00f3n de l\u00edneas de acci\u00f3n\" data-e-action-hash=\"#elementor-action%3Aaction%3Dlightbox%26settings%3DeyJpZCI6MzAxNywidXJsIjoiaHR0cHM6XC9cL3d3dy50cmF6YWNvbnN1bHRvcmlhLmNvbVwvd3AtY29udGVudFwvdXBsb2Fkc1wvMjAyNFwvMDJcLzA0LXNjYWxlZC5qcGciLCJzbGlkZXNob3ciOiIxNzg0YzE2In0%3D\">\n\t\t\t\t\t<div class=\"e-gallery-image elementor-gallery-item__image\" data-thumbnail=\"https:\/\/www.trazaconsultoria.com\/wp-content\/uploads\/2024\/02\/04-1024x724.jpg\" data-width=\"800\" data-height=\"566\" aria-label=\"\" role=\"img\" ><\/div>\n\t\t\t\t\t\t\t\t\t\t\t<div class=\"elementor-gallery-item__overlay\"><\/div>\n\t\t\t\t\t\t\t\t\t\t\t\t\t\t\t<div class=\"elementor-gallery-item__content\">\n\t\t\t\t\t\t\t\t\t\t\t\t\t\t<div class=\"elementor-gallery-item__title\">\n\t\t\t\t\t\t\t\t\t\t\t\t\t\t\t\t\t\tMatriz para la identificaci\u00f3n de l\u00edneas de acci\u00f3n\t\t\t\t\t\t\t\t<\/div>\n\t\t\t\t\t\t\t\t\t\t\t\t<\/div>\n\t\t\t\t\t\t\t\t\t<\/a>\n\t\t\t\t\t\t\t<a class=\"e-gallery-item elementor-gallery-item elementor-animated-content\" href=\"https:\/\/www.trazaconsultoria.com\/wp-content\/uploads\/2024\/02\/05.jpg\" data-elementor-open-lightbox=\"yes\" data-elementor-lightbox-slideshow=\"1784c16\" data-elementor-lightbox-title=\"05\" data-elementor-lightbox-description=\"Ficha tipo\" data-e-action-hash=\"#elementor-action%3Aaction%3Dlightbox%26settings%3DeyJpZCI6MzAxOSwidXJsIjoiaHR0cHM6XC9cL3d3dy50cmF6YWNvbnN1bHRvcmlhLmNvbVwvd3AtY29udGVudFwvdXBsb2Fkc1wvMjAyNFwvMDJcLzA1LmpwZyIsInNsaWRlc2hvdyI6IjE3ODRjMTYifQ%3D%3D\">\n\t\t\t\t\t<div class=\"e-gallery-image elementor-gallery-item__image\" data-thumbnail=\"https:\/\/www.trazaconsultoria.com\/wp-content\/uploads\/2024\/02\/05-1024x725.jpg\" data-width=\"800\" data-height=\"566\" aria-label=\"\" role=\"img\" ><\/div>\n\t\t\t\t\t\t\t\t\t\t\t<div class=\"elementor-gallery-item__overlay\"><\/div>\n\t\t\t\t\t\t\t\t\t\t\t\t\t\t\t<div class=\"elementor-gallery-item__content\">\n\t\t\t\t\t\t\t\t\t\t\t\t\t\t<div class=\"elementor-gallery-item__title\">\n\t\t\t\t\t\t\t\t\t\t\t\t\t\t\t\t\t\tFicha tipo\t\t\t\t\t\t\t\t<\/div>\n\t\t\t\t\t\t\t\t\t\t\t\t<\/div>\n\t\t\t\t\t\t\t\t\t<\/a>\n\t\t\t\t\t\t\t<a class=\"e-gallery-item elementor-gallery-item elementor-animated-content\" href=\"https:\/\/www.trazaconsultoria.com\/wp-content\/uploads\/2024\/02\/06.jpg\" data-elementor-open-lightbox=\"yes\" data-elementor-lightbox-slideshow=\"1784c16\" data-elementor-lightbox-title=\"06\" data-elementor-lightbox-description=\"L\u00ednea de Intervenci\u00f3n para la reducci\u00f3n de la demanda energ\u00e9tica\" data-e-action-hash=\"#elementor-action%3Aaction%3Dlightbox%26settings%3DeyJpZCI6MzAyMSwidXJsIjoiaHR0cHM6XC9cL3d3dy50cmF6YWNvbnN1bHRvcmlhLmNvbVwvd3AtY29udGVudFwvdXBsb2Fkc1wvMjAyNFwvMDJcLzA2LmpwZyIsInNsaWRlc2hvdyI6IjE3ODRjMTYifQ%3D%3D\">\n\t\t\t\t\t<div class=\"e-gallery-image elementor-gallery-item__image\" data-thumbnail=\"https:\/\/www.trazaconsultoria.com\/wp-content\/uploads\/2024\/02\/06-1024x724.jpg\" data-width=\"800\" data-height=\"566\" aria-label=\"\" role=\"img\" ><\/div>\n\t\t\t\t\t\t\t\t\t\t\t<div class=\"elementor-gallery-item__overlay\"><\/div>\n\t\t\t\t\t\t\t\t\t\t\t\t\t\t\t<div class=\"elementor-gallery-item__content\">\n\t\t\t\t\t\t\t\t\t\t\t\t\t\t<div class=\"elementor-gallery-item__title\">\n\t\t\t\t\t\t\t\t\t\t\t\t\t\t\t\t\t\tL\u00ednea de Intervenci\u00f3n para la reducci\u00f3n de la demanda energ\u00e9tica\t\t\t\t\t\t\t\t<\/div>\n\t\t\t\t\t\t\t\t\t\t\t\t<\/div>\n\t\t\t\t\t\t\t\t\t<\/a>\n\t\t\t\t\t\t\t<a class=\"e-gallery-item elementor-gallery-item elementor-animated-content\" href=\"https:\/\/www.trazaconsultoria.com\/wp-content\/uploads\/2024\/02\/07.jpg\" data-elementor-open-lightbox=\"yes\" data-elementor-lightbox-slideshow=\"1784c16\" data-elementor-lightbox-title=\"07\" data-elementor-lightbox-description=\"L\u00ednea de intervenci\u00f3n para la producci\u00f3n de energ\u00eda renovable\" data-e-action-hash=\"#elementor-action%3Aaction%3Dlightbox%26settings%3DeyJpZCI6MzAyMywidXJsIjoiaHR0cHM6XC9cL3d3dy50cmF6YWNvbnN1bHRvcmlhLmNvbVwvd3AtY29udGVudFwvdXBsb2Fkc1wvMjAyNFwvMDJcLzA3LmpwZyIsInNsaWRlc2hvdyI6IjE3ODRjMTYifQ%3D%3D\">\n\t\t\t\t\t<div class=\"e-gallery-image elementor-gallery-item__image\" data-thumbnail=\"https:\/\/www.trazaconsultoria.com\/wp-content\/uploads\/2024\/02\/07-1024x724.jpg\" data-width=\"800\" data-height=\"566\" aria-label=\"\" role=\"img\" ><\/div>\n\t\t\t\t\t\t\t\t\t\t\t<div class=\"elementor-gallery-item__overlay\"><\/div>\n\t\t\t\t\t\t\t\t\t\t\t\t\t\t\t<div class=\"elementor-gallery-item__content\">\n\t\t\t\t\t\t\t\t\t\t\t\t\t\t<div class=\"elementor-gallery-item__title\">\n\t\t\t\t\t\t\t\t\t\t\t\t\t\t\t\t\t\tL\u00ednea de intervenci\u00f3n para la producci\u00f3n de energ\u00eda renovable\t\t\t\t\t\t\t\t<\/div>\n\t\t\t\t\t\t\t\t\t\t\t\t<\/div>\n\t\t\t\t\t\t\t\t\t<\/a>\n\t\t\t\t\t\t\t<a class=\"e-gallery-item elementor-gallery-item elementor-animated-content\" href=\"https:\/\/www.trazaconsultoria.com\/wp-content\/uploads\/2024\/02\/08.jpg\" data-elementor-open-lightbox=\"yes\" data-elementor-lightbox-slideshow=\"1784c16\" data-elementor-lightbox-title=\"08\" data-elementor-lightbox-description=\"L\u00ednea de intervenci\u00f3n para potenciar la flexibilidad de los espacios\" data-e-action-hash=\"#elementor-action%3Aaction%3Dlightbox%26settings%3DeyJpZCI6MzAyNSwidXJsIjoiaHR0cHM6XC9cL3d3dy50cmF6YWNvbnN1bHRvcmlhLmNvbVwvd3AtY29udGVudFwvdXBsb2Fkc1wvMjAyNFwvMDJcLzA4LmpwZyIsInNsaWRlc2hvdyI6IjE3ODRjMTYifQ%3D%3D\">\n\t\t\t\t\t<div class=\"e-gallery-image elementor-gallery-item__image\" data-thumbnail=\"https:\/\/www.trazaconsultoria.com\/wp-content\/uploads\/2024\/02\/08-1024x724.jpg\" data-width=\"800\" data-height=\"566\" aria-label=\"\" role=\"img\" ><\/div>\n\t\t\t\t\t\t\t\t\t\t\t<div class=\"elementor-gallery-item__overlay\"><\/div>\n\t\t\t\t\t\t\t\t\t\t\t\t\t\t\t<div class=\"elementor-gallery-item__content\">\n\t\t\t\t\t\t\t\t\t\t\t\t\t\t<div class=\"elementor-gallery-item__title\">\n\t\t\t\t\t\t\t\t\t\t\t\t\t\t\t\t\t\tL\u00ednea de intervenci\u00f3n para potenciar la flexibilidad de los espacios\t\t\t\t\t\t\t\t<\/div>\n\t\t\t\t\t\t\t\t\t\t\t\t<\/div>\n\t\t\t\t\t\t\t\t\t<\/a>\n\t\t\t\t\t\t\t<a class=\"e-gallery-item elementor-gallery-item elementor-animated-content\" href=\"https:\/\/www.trazaconsultoria.com\/wp-content\/uploads\/2024\/02\/09.jpg\" data-elementor-open-lightbox=\"yes\" data-elementor-lightbox-slideshow=\"1784c16\" data-elementor-lightbox-title=\"09\" data-elementor-lightbox-description=\"L\u00ednea de Intervenci\u00f3n para fomentar la autonom\u00eda manteniendo la seguridad\" data-e-action-hash=\"#elementor-action%3Aaction%3Dlightbox%26settings%3DeyJpZCI6MzAyNywidXJsIjoiaHR0cHM6XC9cL3d3dy50cmF6YWNvbnN1bHRvcmlhLmNvbVwvd3AtY29udGVudFwvdXBsb2Fkc1wvMjAyNFwvMDJcLzA5LmpwZyIsInNsaWRlc2hvdyI6IjE3ODRjMTYifQ%3D%3D\">\n\t\t\t\t\t<div class=\"e-gallery-image elementor-gallery-item__image\" data-thumbnail=\"https:\/\/www.trazaconsultoria.com\/wp-content\/uploads\/2024\/02\/09-1024x724.jpg\" data-width=\"800\" data-height=\"566\" aria-label=\"\" role=\"img\" ><\/div>\n\t\t\t\t\t\t\t\t\t\t\t<div class=\"elementor-gallery-item__overlay\"><\/div>\n\t\t\t\t\t\t\t\t\t\t\t\t\t\t\t<div class=\"elementor-gallery-item__content\">\n\t\t\t\t\t\t\t\t\t\t\t\t\t\t<div class=\"elementor-gallery-item__title\">\n\t\t\t\t\t\t\t\t\t\t\t\t\t\t\t\t\t\tL\u00ednea de Intervenci\u00f3n para fomentar la autonom\u00eda manteniendo la seguridad\t\t\t\t\t\t\t\t<\/div>\n\t\t\t\t\t\t\t\t\t\t\t\t<\/div>\n\t\t\t\t\t\t\t\t\t<\/a>\n\t\t\t\t\t\t\t<a class=\"e-gallery-item elementor-gallery-item elementor-animated-content\" href=\"https:\/\/www.trazaconsultoria.com\/wp-content\/uploads\/2024\/02\/10.jpg\" data-elementor-open-lightbox=\"yes\" data-elementor-lightbox-slideshow=\"1784c16\" data-elementor-lightbox-title=\"10\" data-elementor-lightbox-description=\"Intervenci\u00f3n detallada sobre la adaptaci\u00f3n de ba\u00f1o accesible\" data-e-action-hash=\"#elementor-action%3Aaction%3Dlightbox%26settings%3DeyJpZCI6MzAyOSwidXJsIjoiaHR0cHM6XC9cL3d3dy50cmF6YWNvbnN1bHRvcmlhLmNvbVwvd3AtY29udGVudFwvdXBsb2Fkc1wvMjAyNFwvMDJcLzEwLmpwZyIsInNsaWRlc2hvdyI6IjE3ODRjMTYifQ%3D%3D\">\n\t\t\t\t\t<div class=\"e-gallery-image elementor-gallery-item__image\" data-thumbnail=\"https:\/\/www.trazaconsultoria.com\/wp-content\/uploads\/2024\/02\/10-1024x724.jpg\" data-width=\"800\" data-height=\"566\" aria-label=\"\" role=\"img\" ><\/div>\n\t\t\t\t\t\t\t\t\t\t\t<div class=\"elementor-gallery-item__overlay\"><\/div>\n\t\t\t\t\t\t\t\t\t\t\t\t\t\t\t<div class=\"elementor-gallery-item__content\">\n\t\t\t\t\t\t\t\t\t\t\t\t\t\t<div class=\"elementor-gallery-item__title\">\n\t\t\t\t\t\t\t\t\t\t\t\t\t\t\t\t\t\tIntervenci\u00f3n detallada sobre la adaptaci\u00f3n de ba\u00f1o accesible\t\t\t\t\t\t\t\t<\/div>\n\t\t\t\t\t\t\t\t\t\t\t\t<\/div>\n\t\t\t\t\t\t\t\t\t<\/a>\n\t\t\t\t\t<\/div>\n\t\t\t\t\t<\/div>\n\t\t\t\t<\/div>\n\t\t\t\t<div class=\"elementor-element elementor-element-234eb02b elementor-widget elementor-widget-heading\" data-id=\"234eb02b\" data-element_type=\"widget\" data-e-type=\"widget\" data-widget_type=\"heading.default\">\n\t\t\t\t<div class=\"elementor-widget-container\">\n\t\t\t\t\t<h4 class=\"elementor-heading-title elementor-size-default\">Related projects<\/h4>\t\t\t\t<\/div>\n\t\t\t\t<\/div>\n\t\t\t\t<div class=\"elementor-element elementor-element-14bd20ab elementor-grid-4 elementor-grid-tablet-2 elementor-grid-mobile-1 elementor-widget elementor-widget-portfolio\" data-id=\"14bd20ab\" data-element_type=\"widget\" data-e-type=\"widget\" data-settings=\"{&quot;columns&quot;:&quot;4&quot;,&quot;item_ratio&quot;:{&quot;unit&quot;:&quot;px&quot;,&quot;size&quot;:1,&quot;sizes&quot;:[]},&quot;row_gap&quot;:{&quot;unit&quot;:&quot;px&quot;,&quot;size&quot;:15,&quot;sizes&quot;:[]},&quot;columns_tablet&quot;:&quot;2&quot;,&quot;columns_mobile&quot;:&quot;1&quot;,&quot;item_gap&quot;:{&quot;unit&quot;:&quot;px&quot;,&quot;size&quot;:&quot;&quot;,&quot;sizes&quot;:[]}}\" data-widget_type=\"portfolio.default\">\n\t\t\t\t<div class=\"elementor-widget-container\">\n\t\t\t\t\t\t\t<div class=\"elementor-portfolio elementor-grid elementor-posts-container\" role=\"list\">\n\t\t\t\t<article class=\"elementor-portfolio-item elementor-post elementor-filter-311 elementor-filter-31 elementor-filter-92 elementor-filter-113 elementor-filter-86 elementor-filter-27 elementor-filter-81 elementor-filter-109 elementor-filter-26 elementor-filter-21 elementor-filter-88 elementor-filter-74 post-4240 post type-post status-publish format-standard has-post-thumbnail hentry category-2025-en category-all-projects category-climate-change category-energy-transition category-europe category-european-projects category-places category-politics-and-governance category-public-policies category-services category-topics category-years tag-cambio-climatico-en tag-energy-transition tag-european-funds tag-innovation tag-interdepartamental-en tag-politicas-publicas-en tag-public-innovation tag-training\" role=\"listitem\">\n\t\t\t<a class=\"elementor-post__thumbnail__link\" href=\"https:\/\/www.trazaconsultoria.com\/en\/hands-on\/\">\n\t\t\t\t<div class=\"elementor-portfolio-item__img elementor-post__thumbnail\">\n\t\t\t<img fetchpriority=\"high\" decoding=\"async\" width=\"800\" height=\"800\" src=\"https:\/\/www.trazaconsultoria.com\/wp-content\/uploads\/2026\/04\/Learning-by-doing_illustration-01-1-1024x1024.png\" class=\"attachment-large size-large wp-image-4234\" alt=\"\" srcset=\"https:\/\/www.trazaconsultoria.com\/wp-content\/uploads\/2026\/04\/Learning-by-doing_illustration-01-1-1024x1024.png 1024w, https:\/\/www.trazaconsultoria.com\/wp-content\/uploads\/2026\/04\/Learning-by-doing_illustration-01-1-300x300.png 300w, https:\/\/www.trazaconsultoria.com\/wp-content\/uploads\/2026\/04\/Learning-by-doing_illustration-01-1-150x150.png 150w, https:\/\/www.trazaconsultoria.com\/wp-content\/uploads\/2026\/04\/Learning-by-doing_illustration-01-1-768x768.png 768w, https:\/\/www.trazaconsultoria.com\/wp-content\/uploads\/2026\/04\/Learning-by-doing_illustration-01-1-1536x1536.png 1536w, https:\/\/www.trazaconsultoria.com\/wp-content\/uploads\/2026\/04\/Learning-by-doing_illustration-01-1-2048x2048.png 2048w\" sizes=\"(max-width: 800px) 100vw, 800px\" \/>\t\t<\/div>\n\t\t\t\t<div class=\"elementor-portfolio-item__overlay\">\n\t\t\t\t<h3 class=\"elementor-portfolio-item__title\">\n\t\tHands-ON\t\t<\/h3>\n\t\t\t\t<\/div>\n\t\t\t\t<\/a>\n\t\t<\/article>\n\t\t\t\t<article class=\"elementor-portfolio-item elementor-post elementor-filter-278 elementor-filter-311 elementor-filter-31 elementor-filter-91 elementor-filter-94 elementor-filter-84 elementor-filter-103 elementor-filter-93 elementor-filter-107 elementor-filter-81 elementor-filter-109 elementor-filter-21 elementor-filter-1 elementor-filter-25 elementor-filter-88 elementor-filter-74 post-4104 post type-post status-publish format-standard has-post-thumbnail hentry category-2024-en category-2025-en category-all-projects category-biodiversity category-city-and-suburbs category-comunidad-de-madrid category-identities-and-democracy category-local-businesses-and-retail category-participation-and-community-action category-places category-politics-and-governance category-services category-sin-categorizar category-social-and-environmental-research category-topics category-years tag-biodiversity tag-european-funds tag-interdepartamental-en tag-local-governments tag-local-policies tag-participacion-en tag-public-innovation tag-qualitative-research tag-region-of-madrid tag-renaturalisation tag-rivers tag-social-memory\" role=\"listitem\">\n\t\t\t<a class=\"elementor-post__thumbnail__link\" href=\"https:\/\/www.trazaconsultoria.com\/en\/villalba-del-guadarrama\/\">\n\t\t\t\t<div class=\"elementor-portfolio-item__img elementor-post__thumbnail\">\n\t\t\t<img decoding=\"async\" width=\"800\" height=\"596\" src=\"https:\/\/www.trazaconsultoria.com\/wp-content\/uploads\/2025\/11\/01-Pasarela-sobre-el-rio-en-1970.jpg\" class=\"attachment-large size-large wp-image-3958\" alt=\"\" srcset=\"https:\/\/www.trazaconsultoria.com\/wp-content\/uploads\/2025\/11\/01-Pasarela-sobre-el-rio-en-1970.jpg 849w, https:\/\/www.trazaconsultoria.com\/wp-content\/uploads\/2025\/11\/01-Pasarela-sobre-el-rio-en-1970-300x223.jpg 300w, https:\/\/www.trazaconsultoria.com\/wp-content\/uploads\/2025\/11\/01-Pasarela-sobre-el-rio-en-1970-768x572.jpg 768w\" sizes=\"(max-width: 800px) 100vw, 800px\" \/>\t\t<\/div>\n\t\t\t\t<div class=\"elementor-portfolio-item__overlay\">\n\t\t\t\t<h3 class=\"elementor-portfolio-item__title\">\n\t\tVillalba del Guadarrama\t\t<\/h3>\n\t\t\t\t<\/div>\n\t\t\t\t<\/a>\n\t\t<\/article>\n\t\t\t\t<article class=\"elementor-portfolio-item elementor-post elementor-filter-311 elementor-filter-31 elementor-filter-94 elementor-filter-92 elementor-filter-84 elementor-filter-27 elementor-filter-102 elementor-filter-100 elementor-filter-81 elementor-filter-109 elementor-filter-21 elementor-filter-25 elementor-filter-88 elementor-filter-74 post-3930 post type-post status-publish format-standard has-post-thumbnail hentry category-2025-en category-all-projects category-city-and-suburbs category-climate-change category-comunidad-de-madrid category-european-projects category-gender-and-intersectionality category-industrial-spaces category-places category-politics-and-governance category-services category-social-and-environmental-research category-topics category-years tag-agenda-urbana-en tag-cambio-climatico-en tag-city tag-empleo-verde-en tag-espacio-publico-en tag-espacios-industriales-en tag-industria-en tag-industrial-park tag-innovacion-2 tag-innovation tag-interdepartamental-en tag-madrid-en\" role=\"listitem\">\n\t\t\t<a class=\"elementor-post__thumbnail__link\" href=\"https:\/\/www.trazaconsultoria.com\/en\/villaverdeindustrial\/\">\n\t\t\t\t<div class=\"elementor-portfolio-item__img elementor-post__thumbnail\">\n\t\t\t<img decoding=\"async\" width=\"800\" height=\"691\" src=\"https:\/\/www.trazaconsultoria.com\/wp-content\/uploads\/2025\/11\/0-VillaverdeIndustrial-1024x885.png\" class=\"attachment-large size-large wp-image-3906\" alt=\"\" srcset=\"https:\/\/www.trazaconsultoria.com\/wp-content\/uploads\/2025\/11\/0-VillaverdeIndustrial-1024x885.png 1024w, https:\/\/www.trazaconsultoria.com\/wp-content\/uploads\/2025\/11\/0-VillaverdeIndustrial-300x259.png 300w, https:\/\/www.trazaconsultoria.com\/wp-content\/uploads\/2025\/11\/0-VillaverdeIndustrial-768x664.png 768w, https:\/\/www.trazaconsultoria.com\/wp-content\/uploads\/2025\/11\/0-VillaverdeIndustrial-1536x1328.png 1536w, https:\/\/www.trazaconsultoria.com\/wp-content\/uploads\/2025\/11\/0-VillaverdeIndustrial-2048x1771.png 2048w\" sizes=\"(max-width: 800px) 100vw, 800px\" \/>\t\t<\/div>\n\t\t\t\t<div class=\"elementor-portfolio-item__overlay\">\n\t\t\t\t<h3 class=\"elementor-portfolio-item__title\">\n\t\tVillaverde+Industrial\t\t<\/h3>\n\t\t\t\t<\/div>\n\t\t\t\t<\/a>\n\t\t<\/article>\n\t\t\t\t<article class=\"elementor-portfolio-item elementor-post elementor-filter-309 elementor-filter-67 elementor-filter-54 elementor-filter-19 elementor-filter-38 elementor-filter-64 elementor-filter-60 elementor-filter-43 elementor-filter-42 elementor-filter-16 elementor-filter-18 elementor-filter-14 elementor-filter-32 elementor-filter-30 elementor-filter-53 post-3849 post type-post status-publish format-standard has-post-thumbnail hentry category-309 category-anos category-cambio_climatico category-comunicacion category-economia_trabajo_empleo category-europa category-lugares category-participacion_accion_comunitaria category-politica_gobernanza category-politicas_publicas category-proyectos_europeos category-servicios category-temas category-todos-proyectos category-transicion_energetica tag-energy-community tag-europa tag-european-funds tag-politicas-publicas-en tag-public-innovation tag-publink-en\" role=\"listitem\">\n\t\t\t<a class=\"elementor-post__thumbnail__link\" href=\"https:\/\/www.trazaconsultoria.com\/en\/publink\/\">\n\t\t\t\t<div class=\"elementor-portfolio-item__img elementor-post__thumbnail\">\n\t\t\t<img loading=\"lazy\" decoding=\"async\" width=\"762\" height=\"660\" src=\"https:\/\/www.trazaconsultoria.com\/wp-content\/uploads\/2025\/07\/PUBLINK_logo__claim.png\" class=\"attachment-large size-large wp-image-3794\" alt=\"\" srcset=\"https:\/\/www.trazaconsultoria.com\/wp-content\/uploads\/2025\/07\/PUBLINK_logo__claim.png 762w, https:\/\/www.trazaconsultoria.com\/wp-content\/uploads\/2025\/07\/PUBLINK_logo__claim-300x260.png 300w\" sizes=\"(max-width: 762px) 100vw, 762px\" \/>\t\t<\/div>\n\t\t\t\t<div class=\"elementor-portfolio-item__overlay\">\n\t\t\t\t<h3 class=\"elementor-portfolio-item__title\">\n\t\tPUBLINK\t\t<\/h3>\n\t\t\t\t<\/div>\n\t\t\t\t<\/a>\n\t\t<\/article>\n\t\t\t\t<\/div>\n\t\t\t\t\t\t<\/div>\n\t\t\t\t<\/div>\n\t\t\t\t<\/div>\n\t\t<div class=\"elementor-element elementor-element-4a9fd001 e-con-full e-flex e-con e-child\" data-id=\"4a9fd001\" data-element_type=\"container\" data-e-type=\"container\">\n\t\t\t\t<div class=\"elementor-element elementor-element-496732d2 elementor-widget elementor-widget-heading\" data-id=\"496732d2\" data-element_type=\"widget\" data-e-type=\"widget\" data-widget_type=\"heading.default\">\n\t\t\t\t<div class=\"elementor-widget-container\">\n\t\t\t\t\t<h4 class=\"elementor-heading-title elementor-size-default\">Client<\/h4>\t\t\t\t<\/div>\n\t\t\t\t<\/div>\n\t\t\t\t<div class=\"elementor-element elementor-element-6ccf27de elementor-widget elementor-widget-text-editor\" data-id=\"6ccf27de\" data-element_type=\"widget\" data-e-type=\"widget\" data-widget_type=\"text-editor.default\">\n\t\t\t\t<div class=\"elementor-widget-container\">\n\t\t\t\t\t\t\t\t\t<p>Directorate General for Equality of the Regional Department of Family, Youth and Social Policy of the Region of Madrid<\/p>\n\t\t\t\t\t\t\t\t<\/div>\n\t\t\t\t<\/div>\n\t\t\t\t<div class=\"elementor-element elementor-element-a772523 elementor-widget elementor-widget-heading\" data-id=\"a772523\" data-element_type=\"widget\" data-e-type=\"widget\" data-widget_type=\"heading.default\">\n\t\t\t\t<div class=\"elementor-widget-container\">\n\t\t\t\t\t<h4 class=\"elementor-heading-title elementor-size-default\">Date<\/h4>\t\t\t\t<\/div>\n\t\t\t\t<\/div>\n\t\t\t\t<div class=\"elementor-element elementor-element-4e5856ee elementor-widget elementor-widget-text-editor\" data-id=\"4e5856ee\" data-element_type=\"widget\" data-e-type=\"widget\" data-widget_type=\"text-editor.default\">\n\t\t\t\t<div class=\"elementor-widget-container\">\n\t\t\t\t\t\t\t\t\t<p>2021-2022<\/p>\n\t\t\t\t\t\t\t\t<\/div>\n\t\t\t\t<\/div>\n\t\t\t\t<div class=\"elementor-element elementor-element-5c3a908c elementor-widget elementor-widget-heading\" data-id=\"5c3a908c\" data-element_type=\"widget\" data-e-type=\"widget\" data-widget_type=\"heading.default\">\n\t\t\t\t<div class=\"elementor-widget-container\">\n\t\t\t\t\t<h4 class=\"elementor-heading-title elementor-size-default\">Place<\/h4>\t\t\t\t<\/div>\n\t\t\t\t<\/div>\n\t\t\t\t<div class=\"elementor-element elementor-element-388f7f51 elementor-widget elementor-widget-text-editor\" data-id=\"388f7f51\" data-element_type=\"widget\" data-e-type=\"widget\" data-widget_type=\"text-editor.default\">\n\t\t\t\t<div class=\"elementor-widget-container\">\n\t\t\t\t\t\t\t\t\t<p>Madrid, <a href=\"https:\/\/www.trazaconsultoria.com\/en\/category\/all-projects\/places\/comunidad-de-madrid\/\">Comunidad de Madrid<\/a><\/p>\n\t\t\t\t\t\t\t\t<\/div>\n\t\t\t\t<\/div>\n\t\t\t\t<div class=\"elementor-element elementor-element-7aeb4410 elementor-widget elementor-widget-heading\" data-id=\"7aeb4410\" data-element_type=\"widget\" data-e-type=\"widget\" data-widget_type=\"heading.default\">\n\t\t\t\t<div class=\"elementor-widget-container\">\n\t\t\t\t\t<h4 class=\"elementor-heading-title elementor-size-default\">Services<\/h4>\t\t\t\t<\/div>\n\t\t\t\t<\/div>\n\t\t\t\t<div class=\"elementor-element elementor-element-4f5882c2 elementor-align-start elementor-icon-list--layout-traditional elementor-list-item-link-full_width elementor-widget elementor-widget-icon-list\" data-id=\"4f5882c2\" data-element_type=\"widget\" data-e-type=\"widget\" data-widget_type=\"icon-list.default\">\n\t\t\t\t<div class=\"elementor-widget-container\">\n\t\t\t\t\t\t\t<ul class=\"elementor-icon-list-items\">\n\t\t\t\t\t\t\t<li class=\"elementor-icon-list-item\">\n\t\t\t\t\t\t\t\t\t\t\t<a href=\"https:\/\/www.trazaconsultoria.com\/category\/todos-proyectos\/servicios\/investigacion_social_ambiental\/\">\n\n\t\t\t\t\t\t\t\t\t\t\t\t<span class=\"elementor-icon-list-icon\">\n\t\t\t\t\t\t\t<i aria-hidden=\"true\" class=\"fas fa-angle-right\"><\/i>\t\t\t\t\t\t<\/span>\n\t\t\t\t\t\t\t\t\t\t<span class=\"elementor-icon-list-text\">social and environmental research<\/span>\n\t\t\t\t\t\t\t\t\t\t\t<\/a>\n\t\t\t\t\t\t\t\t\t<\/li>\n\t\t\t\t\t\t\t\t<li class=\"elementor-icon-list-item\">\n\t\t\t\t\t\t\t\t\t\t\t<a href=\"https:\/\/www.trazaconsultoria.com\/category\/todos-proyectos\/servicios\/diseno_urbano_territorial\/\">\n\n\t\t\t\t\t\t\t\t\t\t\t\t<span class=\"elementor-icon-list-icon\">\n\t\t\t\t\t\t\t<i aria-hidden=\"true\" class=\"fas fa-angle-right\"><\/i>\t\t\t\t\t\t<\/span>\n\t\t\t\t\t\t\t\t\t\t<span class=\"elementor-icon-list-text\">urban and territorial design<\/span>\n\t\t\t\t\t\t\t\t\t\t\t<\/a>\n\t\t\t\t\t\t\t\t\t<\/li>\n\t\t\t\t\t\t\t\t<li class=\"elementor-icon-list-item\">\n\t\t\t\t\t\t\t\t\t\t\t<a href=\"https:\/\/www.trazaconsultoria.com\/category\/todos-proyectos\/servicios\/proyectos_europeos\/\">\n\n\t\t\t\t\t\t\t\t\t\t\t\t<span class=\"elementor-icon-list-icon\">\n\t\t\t\t\t\t\t<i aria-hidden=\"true\" class=\"fas fa-angle-right\"><\/i>\t\t\t\t\t\t<\/span>\n\t\t\t\t\t\t\t\t\t\t<span class=\"elementor-icon-list-text\">european projects<\/span>\n\t\t\t\t\t\t\t\t\t\t\t<\/a>\n\t\t\t\t\t\t\t\t\t<\/li>\n\t\t\t\t\t\t<\/ul>\n\t\t\t\t\t\t<\/div>\n\t\t\t\t<\/div>\n\t\t\t\t<div class=\"elementor-element elementor-element-5ba1f2cc elementor-widget elementor-widget-heading\" data-id=\"5ba1f2cc\" data-element_type=\"widget\" data-e-type=\"widget\" data-widget_type=\"heading.default\">\n\t\t\t\t<div class=\"elementor-widget-container\">\n\t\t\t\t\t<h4 class=\"elementor-heading-title elementor-size-default\">Topics<\/h4>\t\t\t\t<\/div>\n\t\t\t\t<\/div>\n\t\t\t\t<div class=\"elementor-element elementor-element-5cc1ee57 elementor-align-start elementor-icon-list--layout-traditional elementor-list-item-link-full_width elementor-widget elementor-widget-icon-list\" data-id=\"5cc1ee57\" data-element_type=\"widget\" data-e-type=\"widget\" data-widget_type=\"icon-list.default\">\n\t\t\t\t<div class=\"elementor-widget-container\">\n\t\t\t\t\t\t\t<ul class=\"elementor-icon-list-items\">\n\t\t\t\t\t\t\t<li class=\"elementor-icon-list-item\">\n\t\t\t\t\t\t\t\t\t\t\t<a href=\"https:\/\/www.trazaconsultoria.com\/category\/todos-proyectos\/temas\/equipamientos_publicos\/\">\n\n\t\t\t\t\t\t\t\t\t\t\t<span class=\"elementor-icon-list-text\">Public facilities<\/span>\n\t\t\t\t\t\t\t\t\t\t\t<\/a>\n\t\t\t\t\t\t\t\t\t<\/li>\n\t\t\t\t\t\t\t\t<li class=\"elementor-icon-list-item\">\n\t\t\t\t\t\t\t\t\t\t\t<a href=\"https:\/\/www.trazaconsultoria.com\/category\/todos-proyectos\/temas\/genero_interseccionalidad\/\">\n\n\t\t\t\t\t\t\t\t\t\t\t<span class=\"elementor-icon-list-text\">Gender and intersectionality<\/span>\n\t\t\t\t\t\t\t\t\t\t\t<\/a>\n\t\t\t\t\t\t\t\t\t<\/li>\n\t\t\t\t\t\t\t\t<li class=\"elementor-icon-list-item\">\n\t\t\t\t\t\t\t\t\t\t\t<a href=\"https:\/\/www.trazaconsultoria.com\/category\/todos-proyectos\/temas\/infancia_adolescencia_juventud\/\">\n\n\t\t\t\t\t\t\t\t\t\t\t<span class=\"elementor-icon-list-text\">Childhood and adolescence<\/span>\n\t\t\t\t\t\t\t\t\t\t\t<\/a>\n\t\t\t\t\t\t\t\t\t<\/li>\n\t\t\t\t\t\t\t\t<li class=\"elementor-icon-list-item\">\n\t\t\t\t\t\t\t\t\t\t\t<a href=\"https:\/\/www.trazaconsultoria.com\/category\/todos-proyectos\/temas\/violencia_machista\/\">\n\n\t\t\t\t\t\t\t\t\t\t\t<span class=\"elementor-icon-list-text\">Gender-based violence<\/span>\n\t\t\t\t\t\t\t\t\t\t\t<\/a>\n\t\t\t\t\t\t\t\t\t<\/li>\n\t\t\t\t\t\t\t\t<li class=\"elementor-icon-list-item\">\n\t\t\t\t\t\t\t\t\t\t\t<a href=\"https:\/\/www.trazaconsultoria.com\/category\/todos-proyectos\/temas\/vivienda\/\">\n\n\t\t\t\t\t\t\t\t\t\t\t<span class=\"elementor-icon-list-text\">Housing<\/span>\n\t\t\t\t\t\t\t\t\t\t\t<\/a>\n\t\t\t\t\t\t\t\t\t<\/li>\n\t\t\t\t\t\t<\/ul>\n\t\t\t\t\t\t<\/div>\n\t\t\t\t<\/div>\n\t\t\t\t<div class=\"elementor-element elementor-element-4d7e44e1 elementor-widget elementor-widget-heading\" data-id=\"4d7e44e1\" data-element_type=\"widget\" data-e-type=\"widget\" data-widget_type=\"heading.default\">\n\t\t\t\t<div class=\"elementor-widget-container\">\n\t\t\t\t\t<h4 class=\"elementor-heading-title elementor-size-default\">Share<\/h4>\t\t\t\t<\/div>\n\t\t\t\t<\/div>\n\t\t\t\t<div class=\"elementor-element elementor-element-6a5c161c elementor-share-buttons--view-icon elementor-share-buttons--skin-flat elementor-share-buttons--shape-circle elementor-grid-4 elementor-share-buttons--color-custom elementor-widget elementor-widget-share-buttons\" data-id=\"6a5c161c\" data-element_type=\"widget\" data-e-type=\"widget\" data-widget_type=\"share-buttons.default\">\n\t\t\t\t<div class=\"elementor-widget-container\">\n\t\t\t\t\t\t\t<div class=\"elementor-grid\" role=\"list\">\n\t\t\t\t\t\t\t\t<div class=\"elementor-grid-item\" role=\"listitem\">\n\t\t\t\t\t\t<div class=\"elementor-share-btn elementor-share-btn_email\" role=\"button\" tabindex=\"0\" aria-label=\"Share on email\">\n\t\t\t\t\t\t\t\t\t\t\t\t\t\t\t<span class=\"elementor-share-btn__icon\">\n\t\t\t\t\t\t\t\t<i class=\"fas fa-envelope\" aria-hidden=\"true\"><\/i>\t\t\t\t\t\t\t<\/span>\n\t\t\t\t\t\t\t\t\t\t\t\t\t\t\t\t\t\t\t\t<\/div>\n\t\t\t\t\t<\/div>\n\t\t\t\t\t\t\t\t\t<div class=\"elementor-grid-item\" role=\"listitem\">\n\t\t\t\t\t\t<div class=\"elementor-share-btn elementor-share-btn_facebook\" role=\"button\" tabindex=\"0\" aria-label=\"Share on facebook\">\n\t\t\t\t\t\t\t\t\t\t\t\t\t\t\t<span class=\"elementor-share-btn__icon\">\n\t\t\t\t\t\t\t\t<i class=\"fab fa-facebook\" aria-hidden=\"true\"><\/i>\t\t\t\t\t\t\t<\/span>\n\t\t\t\t\t\t\t\t\t\t\t\t\t\t\t\t\t\t\t\t<\/div>\n\t\t\t\t\t<\/div>\n\t\t\t\t\t\t\t\t\t<div class=\"elementor-grid-item\" role=\"listitem\">\n\t\t\t\t\t\t<div class=\"elementor-share-btn elementor-share-btn_twitter\" role=\"button\" tabindex=\"0\" aria-label=\"Share on twitter\">\n\t\t\t\t\t\t\t\t\t\t\t\t\t\t\t<span class=\"elementor-share-btn__icon\">\n\t\t\t\t\t\t\t\t<i class=\"fab fa-twitter\" aria-hidden=\"true\"><\/i>\t\t\t\t\t\t\t<\/span>\n\t\t\t\t\t\t\t\t\t\t\t\t\t\t\t\t\t\t\t\t<\/div>\n\t\t\t\t\t<\/div>\n\t\t\t\t\t\t\t\t\t<div class=\"elementor-grid-item\" role=\"listitem\">\n\t\t\t\t\t\t<div class=\"elementor-share-btn elementor-share-btn_whatsapp\" role=\"button\" tabindex=\"0\" aria-label=\"Share on whatsapp\">\n\t\t\t\t\t\t\t\t\t\t\t\t\t\t\t<span class=\"elementor-share-btn__icon\">\n\t\t\t\t\t\t\t\t<i class=\"fab fa-whatsapp\" aria-hidden=\"true\"><\/i>\t\t\t\t\t\t\t<\/span>\n\t\t\t\t\t\t\t\t\t\t\t\t\t\t\t\t\t\t\t\t<\/div>\n\t\t\t\t\t<\/div>\n\t\t\t\t\t\t<\/div>\n\t\t\t\t\t\t<\/div>\n\t\t\t\t<\/div>\n\t\t<div class=\"elementor-element elementor-element-6761f9cf e-flex e-con-boxed e-con e-child\" data-id=\"6761f9cf\" data-element_type=\"container\" data-e-type=\"container\" data-settings=\"{&quot;background_background&quot;:&quot;classic&quot;}\">\n\t\t\t\t\t<div class=\"e-con-inner\">\n\t\t\t\t<div class=\"elementor-element elementor-element-42122a1 elementor-widget elementor-widget-heading\" data-id=\"42122a1\" data-element_type=\"widget\" data-e-type=\"widget\" data-widget_type=\"heading.default\">\n\t\t\t\t<div class=\"elementor-widget-container\">\n\t\t\t\t\t<h4 class=\"elementor-heading-title elementor-size-default\">More information<\/h4>\t\t\t\t<\/div>\n\t\t\t\t<\/div>\n\t\t\t\t<div class=\"elementor-element elementor-element-2d5f384e elementor-widget-divider--view-line elementor-widget elementor-widget-divider\" data-id=\"2d5f384e\" data-element_type=\"widget\" data-e-type=\"widget\" data-widget_type=\"divider.default\">\n\t\t\t\t<div class=\"elementor-widget-container\">\n\t\t\t\t\t\t\t<div class=\"elementor-divider\">\n\t\t\t<span class=\"elementor-divider-separator\">\n\t\t\t\t\t\t<\/span>\n\t\t<\/div>\n\t\t\t\t\t\t<\/div>\n\t\t\t\t<\/div>\n\t\t\t\t\t<\/div>\n\t\t\t\t<\/div>\n\t\t\t\t<\/div>\n\t\t\t\t\t<\/div>\n\t\t\t\t<\/div>\n\t\t\t\t<\/div>\n\t\t","protected":false},"excerpt":{"rendered":"<p>Study for holistic improvement of the Network of Care for Victims of Gender-based Violence in Madrid<\/p>\n","protected":false},"author":6,"featured_media":3490,"comment_status":"closed","ping_status":"closed","sticky":false,"template":"","format":"standard","meta":{"footnotes":""},"categories":[78,31,104,84,27,102,114,115,81,98,21,25,88,23,74],"tags":[249,155,162,248,178,168,164,251],"class_list":["post-3033","post","type-post","status-publish","format-standard","has-post-thumbnail","hentry","category-2021-en","category-all-projects","category-childhood-and-adolescence","category-comunidad-de-madrid","category-european-projects","category-gender-and-intersectionality","category-gender-based-violence","category-housing","category-places","category-public-facilities","category-services","category-social-and-environmental-research","category-topics","category-urban-and-consultancy","category-years","tag-gender-based-violence","tag-genero","tag-genero-en","tag-housing","tag-infancia-en","tag-investigacion-social-y-ambiental-en","tag-madrid-en","tag-women"],"yoast_head":"<!-- This site is optimized with the Yoast SEO plugin v26.5 - https:\/\/yoast.com\/wordpress\/plugins\/seo\/ -->\n<title>V of Gender-based Violence - Traza<\/title>\n<meta name=\"robots\" content=\"index, follow, max-snippet:-1, max-image-preview:large, max-video-preview:-1\" \/>\n<link rel=\"canonical\" href=\"https:\/\/www.trazaconsultoria.com\/en\/v-of-gender-based-violence\/\" \/>\n<meta property=\"og:locale\" content=\"en_US\" \/>\n<meta property=\"og:type\" content=\"article\" \/>\n<meta property=\"og:title\" content=\"V of Gender-based Violence - Traza\" \/>\n<meta property=\"og:description\" content=\"Study for holistic improvement of the Network of Care for Victims of Gender-based Violence in Madrid\" \/>\n<meta property=\"og:url\" content=\"https:\/\/www.trazaconsultoria.com\/en\/v-of-gender-based-violence\/\" \/>\n<meta property=\"og:site_name\" content=\"Traza\" \/>\n<meta property=\"article:published_time\" content=\"2021-02-12T15:59:53+00:00\" \/>\n<meta property=\"article:modified_time\" content=\"2024-02-12T16:24:57+00:00\" \/>\n<meta property=\"og:image\" content=\"https:\/\/www.trazaconsultoria.com\/wp-content\/uploads\/2021\/02\/0_V-de-violencia-de-Genero.jpg\" \/>\n\t<meta property=\"og:image:width\" content=\"2038\" \/>\n\t<meta property=\"og:image:height\" content=\"2038\" \/>\n\t<meta property=\"og:image:type\" content=\"image\/jpeg\" \/>\n<meta name=\"author\" content=\"Clara Majadas\" \/>\n<meta name=\"twitter:card\" content=\"summary_large_image\" \/>\n<meta name=\"twitter:label1\" content=\"Written by\" \/>\n\t<meta name=\"twitter:data1\" content=\"Clara Majadas\" \/>\n\t<meta name=\"twitter:label2\" content=\"Est. reading time\" \/>\n\t<meta name=\"twitter:data2\" content=\"3 minutes\" \/>\n<script type=\"application\/ld+json\" class=\"yoast-schema-graph\">{\"@context\":\"https:\/\/schema.org\",\"@graph\":[{\"@type\":\"Article\",\"@id\":\"https:\/\/www.trazaconsultoria.com\/en\/v-of-gender-based-violence\/#article\",\"isPartOf\":{\"@id\":\"https:\/\/www.trazaconsultoria.com\/en\/v-of-gender-based-violence\/\"},\"author\":{\"name\":\"Clara Majadas\",\"@id\":\"https:\/\/www.trazaconsultoria.com\/en\/#\/schema\/person\/b9452b4a70c2525565fdaaf083249168\"},\"headline\":\"V of Gender-based Violence\",\"datePublished\":\"2021-02-12T15:59:53+00:00\",\"dateModified\":\"2024-02-12T16:24:57+00:00\",\"mainEntityOfPage\":{\"@id\":\"https:\/\/www.trazaconsultoria.com\/en\/v-of-gender-based-violence\/\"},\"wordCount\":529,\"publisher\":{\"@id\":\"https:\/\/www.trazaconsultoria.com\/en\/#organization\"},\"image\":{\"@id\":\"https:\/\/www.trazaconsultoria.com\/en\/v-of-gender-based-violence\/#primaryimage\"},\"thumbnailUrl\":\"https:\/\/www.trazaconsultoria.com\/wp-content\/uploads\/2021\/02\/0_V-de-violencia-de-Genero.jpg\",\"keywords\":[\"gender-based violence\",\"genero\",\"genero\",\"housing\",\"infancia\",\"investigaci\u00f3n social y ambiental\",\"madrid\",\"women\"],\"articleSection\":[\"2021\",\"all projects\",\"childhood and adolescence\",\"Comunidad de Madrid\",\"european projects\",\"gender and intersectionality\",\"gender-based violence\",\"housing\",\"places\",\"public facilities\",\"services\",\"social and environmental research\",\"topics\",\"urban and consultancy\",\"years\"],\"inLanguage\":\"en-US\"},{\"@type\":\"WebPage\",\"@id\":\"https:\/\/www.trazaconsultoria.com\/en\/v-of-gender-based-violence\/\",\"url\":\"https:\/\/www.trazaconsultoria.com\/en\/v-of-gender-based-violence\/\",\"name\":\"V of Gender-based Violence - Traza\",\"isPartOf\":{\"@id\":\"https:\/\/www.trazaconsultoria.com\/en\/#website\"},\"primaryImageOfPage\":{\"@id\":\"https:\/\/www.trazaconsultoria.com\/en\/v-of-gender-based-violence\/#primaryimage\"},\"image\":{\"@id\":\"https:\/\/www.trazaconsultoria.com\/en\/v-of-gender-based-violence\/#primaryimage\"},\"thumbnailUrl\":\"https:\/\/www.trazaconsultoria.com\/wp-content\/uploads\/2021\/02\/0_V-de-violencia-de-Genero.jpg\",\"datePublished\":\"2021-02-12T15:59:53+00:00\",\"dateModified\":\"2024-02-12T16:24:57+00:00\",\"breadcrumb\":{\"@id\":\"https:\/\/www.trazaconsultoria.com\/en\/v-of-gender-based-violence\/#breadcrumb\"},\"inLanguage\":\"en-US\",\"potentialAction\":[{\"@type\":\"ReadAction\",\"target\":[\"https:\/\/www.trazaconsultoria.com\/en\/v-of-gender-based-violence\/\"]}]},{\"@type\":\"ImageObject\",\"inLanguage\":\"en-US\",\"@id\":\"https:\/\/www.trazaconsultoria.com\/en\/v-of-gender-based-violence\/#primaryimage\",\"url\":\"https:\/\/www.trazaconsultoria.com\/wp-content\/uploads\/2021\/02\/0_V-de-violencia-de-Genero.jpg\",\"contentUrl\":\"https:\/\/www.trazaconsultoria.com\/wp-content\/uploads\/2021\/02\/0_V-de-violencia-de-Genero.jpg\",\"width\":2038,\"height\":2038},{\"@type\":\"BreadcrumbList\",\"@id\":\"https:\/\/www.trazaconsultoria.com\/en\/v-of-gender-based-violence\/#breadcrumb\",\"itemListElement\":[{\"@type\":\"ListItem\",\"position\":1,\"name\":\"Portada\",\"item\":\"https:\/\/www.trazaconsultoria.com\/en\/\"},{\"@type\":\"ListItem\",\"position\":2,\"name\":\"V of Gender-based Violence\"}]},{\"@type\":\"WebSite\",\"@id\":\"https:\/\/www.trazaconsultoria.com\/en\/#website\",\"url\":\"https:\/\/www.trazaconsultoria.com\/en\/\",\"name\":\"Traza\",\"description\":\"Consultor\u00eda\",\"publisher\":{\"@id\":\"https:\/\/www.trazaconsultoria.com\/en\/#organization\"},\"potentialAction\":[{\"@type\":\"SearchAction\",\"target\":{\"@type\":\"EntryPoint\",\"urlTemplate\":\"https:\/\/www.trazaconsultoria.com\/en\/?s={search_term_string}\"},\"query-input\":{\"@type\":\"PropertyValueSpecification\",\"valueRequired\":true,\"valueName\":\"search_term_string\"}}],\"inLanguage\":\"en-US\"},{\"@type\":\"Organization\",\"@id\":\"https:\/\/www.trazaconsultoria.com\/en\/#organization\",\"name\":\"Traza\",\"url\":\"https:\/\/www.trazaconsultoria.com\/en\/\",\"logo\":{\"@type\":\"ImageObject\",\"inLanguage\":\"en-US\",\"@id\":\"https:\/\/www.trazaconsultoria.com\/en\/#\/schema\/logo\/image\/\",\"url\":\"https:\/\/www.trazaconsultoria.com\/wp-content\/uploads\/2023\/10\/logo_traza.png\",\"contentUrl\":\"https:\/\/www.trazaconsultoria.com\/wp-content\/uploads\/2023\/10\/logo_traza.png\",\"width\":900,\"height\":339,\"caption\":\"Traza\"},\"image\":{\"@id\":\"https:\/\/www.trazaconsultoria.com\/en\/#\/schema\/logo\/image\/\"}},{\"@type\":\"Person\",\"@id\":\"https:\/\/www.trazaconsultoria.com\/en\/#\/schema\/person\/b9452b4a70c2525565fdaaf083249168\",\"name\":\"Clara Majadas\",\"image\":{\"@type\":\"ImageObject\",\"inLanguage\":\"en-US\",\"@id\":\"https:\/\/www.trazaconsultoria.com\/en\/#\/schema\/person\/image\/\",\"url\":\"https:\/\/secure.gravatar.com\/avatar\/d27628f4aa3cc94511c0cb5a29a3187bee42183d033dc6c056694a28f2364f7b?s=96&d=mm&r=g\",\"contentUrl\":\"https:\/\/secure.gravatar.com\/avatar\/d27628f4aa3cc94511c0cb5a29a3187bee42183d033dc6c056694a28f2364f7b?s=96&d=mm&r=g\",\"caption\":\"Clara Majadas\"},\"url\":\"https:\/\/www.trazaconsultoria.com\/en\/author\/claramajadas\/\"}]}<\/script>\n<!-- \/ Yoast SEO plugin. -->","yoast_head_json":{"title":"V of Gender-based Violence - Traza","robots":{"index":"index","follow":"follow","max-snippet":"max-snippet:-1","max-image-preview":"max-image-preview:large","max-video-preview":"max-video-preview:-1"},"canonical":"https:\/\/www.trazaconsultoria.com\/en\/v-of-gender-based-violence\/","og_locale":"en_US","og_type":"article","og_title":"V of Gender-based Violence - Traza","og_description":"Study for holistic improvement of the Network of Care for Victims of Gender-based Violence in Madrid","og_url":"https:\/\/www.trazaconsultoria.com\/en\/v-of-gender-based-violence\/","og_site_name":"Traza","article_published_time":"2021-02-12T15:59:53+00:00","article_modified_time":"2024-02-12T16:24:57+00:00","og_image":[{"width":2038,"height":2038,"url":"https:\/\/www.trazaconsultoria.com\/wp-content\/uploads\/2021\/02\/0_V-de-violencia-de-Genero.jpg","type":"image\/jpeg"}],"author":"Clara Majadas","twitter_card":"summary_large_image","twitter_misc":{"Written by":"Clara Majadas","Est. reading time":"3 minutes"},"schema":{"@context":"https:\/\/schema.org","@graph":[{"@type":"Article","@id":"https:\/\/www.trazaconsultoria.com\/en\/v-of-gender-based-violence\/#article","isPartOf":{"@id":"https:\/\/www.trazaconsultoria.com\/en\/v-of-gender-based-violence\/"},"author":{"name":"Clara Majadas","@id":"https:\/\/www.trazaconsultoria.com\/en\/#\/schema\/person\/b9452b4a70c2525565fdaaf083249168"},"headline":"V of Gender-based Violence","datePublished":"2021-02-12T15:59:53+00:00","dateModified":"2024-02-12T16:24:57+00:00","mainEntityOfPage":{"@id":"https:\/\/www.trazaconsultoria.com\/en\/v-of-gender-based-violence\/"},"wordCount":529,"publisher":{"@id":"https:\/\/www.trazaconsultoria.com\/en\/#organization"},"image":{"@id":"https:\/\/www.trazaconsultoria.com\/en\/v-of-gender-based-violence\/#primaryimage"},"thumbnailUrl":"https:\/\/www.trazaconsultoria.com\/wp-content\/uploads\/2021\/02\/0_V-de-violencia-de-Genero.jpg","keywords":["gender-based violence","genero","genero","housing","infancia","investigaci\u00f3n social y ambiental","madrid","women"],"articleSection":["2021","all projects","childhood and adolescence","Comunidad de Madrid","european projects","gender and intersectionality","gender-based violence","housing","places","public facilities","services","social and environmental research","topics","urban and consultancy","years"],"inLanguage":"en-US"},{"@type":"WebPage","@id":"https:\/\/www.trazaconsultoria.com\/en\/v-of-gender-based-violence\/","url":"https:\/\/www.trazaconsultoria.com\/en\/v-of-gender-based-violence\/","name":"V of Gender-based Violence - Traza","isPartOf":{"@id":"https:\/\/www.trazaconsultoria.com\/en\/#website"},"primaryImageOfPage":{"@id":"https:\/\/www.trazaconsultoria.com\/en\/v-of-gender-based-violence\/#primaryimage"},"image":{"@id":"https:\/\/www.trazaconsultoria.com\/en\/v-of-gender-based-violence\/#primaryimage"},"thumbnailUrl":"https:\/\/www.trazaconsultoria.com\/wp-content\/uploads\/2021\/02\/0_V-de-violencia-de-Genero.jpg","datePublished":"2021-02-12T15:59:53+00:00","dateModified":"2024-02-12T16:24:57+00:00","breadcrumb":{"@id":"https:\/\/www.trazaconsultoria.com\/en\/v-of-gender-based-violence\/#breadcrumb"},"inLanguage":"en-US","potentialAction":[{"@type":"ReadAction","target":["https:\/\/www.trazaconsultoria.com\/en\/v-of-gender-based-violence\/"]}]},{"@type":"ImageObject","inLanguage":"en-US","@id":"https:\/\/www.trazaconsultoria.com\/en\/v-of-gender-based-violence\/#primaryimage","url":"https:\/\/www.trazaconsultoria.com\/wp-content\/uploads\/2021\/02\/0_V-de-violencia-de-Genero.jpg","contentUrl":"https:\/\/www.trazaconsultoria.com\/wp-content\/uploads\/2021\/02\/0_V-de-violencia-de-Genero.jpg","width":2038,"height":2038},{"@type":"BreadcrumbList","@id":"https:\/\/www.trazaconsultoria.com\/en\/v-of-gender-based-violence\/#breadcrumb","itemListElement":[{"@type":"ListItem","position":1,"name":"Portada","item":"https:\/\/www.trazaconsultoria.com\/en\/"},{"@type":"ListItem","position":2,"name":"V of Gender-based Violence"}]},{"@type":"WebSite","@id":"https:\/\/www.trazaconsultoria.com\/en\/#website","url":"https:\/\/www.trazaconsultoria.com\/en\/","name":"Traza","description":"Consultor\u00eda","publisher":{"@id":"https:\/\/www.trazaconsultoria.com\/en\/#organization"},"potentialAction":[{"@type":"SearchAction","target":{"@type":"EntryPoint","urlTemplate":"https:\/\/www.trazaconsultoria.com\/en\/?s={search_term_string}"},"query-input":{"@type":"PropertyValueSpecification","valueRequired":true,"valueName":"search_term_string"}}],"inLanguage":"en-US"},{"@type":"Organization","@id":"https:\/\/www.trazaconsultoria.com\/en\/#organization","name":"Traza","url":"https:\/\/www.trazaconsultoria.com\/en\/","logo":{"@type":"ImageObject","inLanguage":"en-US","@id":"https:\/\/www.trazaconsultoria.com\/en\/#\/schema\/logo\/image\/","url":"https:\/\/www.trazaconsultoria.com\/wp-content\/uploads\/2023\/10\/logo_traza.png","contentUrl":"https:\/\/www.trazaconsultoria.com\/wp-content\/uploads\/2023\/10\/logo_traza.png","width":900,"height":339,"caption":"Traza"},"image":{"@id":"https:\/\/www.trazaconsultoria.com\/en\/#\/schema\/logo\/image\/"}},{"@type":"Person","@id":"https:\/\/www.trazaconsultoria.com\/en\/#\/schema\/person\/b9452b4a70c2525565fdaaf083249168","name":"Clara Majadas","image":{"@type":"ImageObject","inLanguage":"en-US","@id":"https:\/\/www.trazaconsultoria.com\/en\/#\/schema\/person\/image\/","url":"https:\/\/secure.gravatar.com\/avatar\/d27628f4aa3cc94511c0cb5a29a3187bee42183d033dc6c056694a28f2364f7b?s=96&d=mm&r=g","contentUrl":"https:\/\/secure.gravatar.com\/avatar\/d27628f4aa3cc94511c0cb5a29a3187bee42183d033dc6c056694a28f2364f7b?s=96&d=mm&r=g","caption":"Clara Majadas"},"url":"https:\/\/www.trazaconsultoria.com\/en\/author\/claramajadas\/"}]}},"_links":{"self":[{"href":"https:\/\/www.trazaconsultoria.com\/en\/wp-json\/wp\/v2\/posts\/3033","targetHints":{"allow":["GET"]}}],"collection":[{"href":"https:\/\/www.trazaconsultoria.com\/en\/wp-json\/wp\/v2\/posts"}],"about":[{"href":"https:\/\/www.trazaconsultoria.com\/en\/wp-json\/wp\/v2\/types\/post"}],"author":[{"embeddable":true,"href":"https:\/\/www.trazaconsultoria.com\/en\/wp-json\/wp\/v2\/users\/6"}],"replies":[{"embeddable":true,"href":"https:\/\/www.trazaconsultoria.com\/en\/wp-json\/wp\/v2\/comments?post=3033"}],"version-history":[{"count":3,"href":"https:\/\/www.trazaconsultoria.com\/en\/wp-json\/wp\/v2\/posts\/3033\/revisions"}],"predecessor-version":[{"id":3036,"href":"https:\/\/www.trazaconsultoria.com\/en\/wp-json\/wp\/v2\/posts\/3033\/revisions\/3036"}],"wp:featuredmedia":[{"embeddable":true,"href":"https:\/\/www.trazaconsultoria.com\/en\/wp-json\/wp\/v2\/media\/3490"}],"wp:attachment":[{"href":"https:\/\/www.trazaconsultoria.com\/en\/wp-json\/wp\/v2\/media?parent=3033"}],"wp:term":[{"taxonomy":"category","embeddable":true,"href":"https:\/\/www.trazaconsultoria.com\/en\/wp-json\/wp\/v2\/categories?post=3033"},{"taxonomy":"post_tag","embeddable":true,"href":"https:\/\/www.trazaconsultoria.com\/en\/wp-json\/wp\/v2\/tags?post=3033"}],"curies":[{"name":"wp","href":"https:\/\/api.w.org\/{rel}","templated":true}]}}